{"id":6868,"date":"2017-02-04T16:30:28","date_gmt":"2017-02-04T15:30:28","guid":{"rendered":"http:\/\/catering-gourmetfood.com\/?p=6868"},"modified":"2017-02-04T16:30:28","modified_gmt":"2017-02-04T15:30:28","slug":"divertido-curso-de-lavado-de-manos","status":"publish","type":"post","link":"https:\/\/catering-gourmetfood.com\/eu\/divertido-curso-de-lavado-de-manos\/","title":{"rendered":"DIVERTIDO CURSO DE LAVADO DE MANOS"},"content":{"rendered":"<p>Estimadas familias:<\/p>\n<p>Os informamos, que para el pr\u00f3ximo viernes d\u00eda 29 de enero, tenemos previsto realizar un curso muy interesante y divertido relativo al lavado de manos.<\/p>\n<ul>\n<li>Aquellos que est\u00e9is interesados, pod\u00e9is dejar a vuestros hijos en el comedor y recogerlos a las <strong>16.15h.<\/strong><\/li>\n<li>Los ni\u00f1os usuarios de la extraescolar del comedor, estar\u00e1n hasta las <strong>16.30h.<\/strong><\/li>\n<li>Aquellos ni\u00f1os que no puedan quedarse al curso, podr\u00e9is recogerlos a la hora habitual. Os agradecer\u00edamos, para colaborar en el buen funcionamiento de la actividad, que comuniqu\u00e9is a la monitora los ni\u00f1os que tienen que salir.<\/li>\n<\/ul>\n<p>Esperamos que esta informaci\u00f3n sea de vuestro inter\u00e9s.<\/p>\n<p>Saludos cordiales.<\/p>\n<p>&nbsp;<\/p>\n<p><a href=\"http:\/\/catering-gourmetfood.com\/divertido-curso-de-lavado-de-manos\/20151217_130453\/\" rel=\"attachment wp-att-6870\"><img loading=\"lazy\" decoding=\"async\" class=\"alignnone  wp-image-6870\" src=\"https:\/\/catering-gourmetfood.com\/wp-content\/uploads\/2017\/05\/20151217_1304531.jpg\" alt=\"20151217_130453\" width=\"500\" height=\"281\" srcset=\"https:\/\/catering-gourmetfood.com\/wp-content\/uploads\/2017\/05\/20151217_1304531.jpg 5312w, https:\/\/catering-gourmetfood.com\/wp-content\/uploads\/2017\/05\/20151217_1304531-300x169.jpg 300w, https:\/\/catering-gourmetfood.com\/wp-content\/uploads\/2017\/05\/20151217_1304531-768x432.jpg 768w, https:\/\/catering-gourmetfood.com\/wp-content\/uploads\/2017\/05\/20151217_1304531-1024x576.jpg 1024w\" sizes=\"auto, (max-width: 500px) 100vw, 500px\" \/><\/a><\/p>\n<p><a href=\"http:\/\/catering-gourmetfood.com\/divertido-curso-de-lavado-de-manos\/20151217_131246\/\" rel=\"attachment wp-att-6871\"><img loading=\"lazy\" decoding=\"async\" class=\"alignnone  wp-image-6871\" src=\"https:\/\/catering-gourmetfood.com\/wp-content\/uploads\/2017\/05\/20151217_1312461.jpg\" alt=\"20151217_131246\" width=\"503\" height=\"283\" srcset=\"https:\/\/catering-gourmetfood.com\/wp-content\/uploads\/2017\/05\/20151217_1312461.jpg 5312w, https:\/\/catering-gourmetfood.com\/wp-content\/uploads\/2017\/05\/20151217_1312461-300x169.jpg 300w, https:\/\/catering-gourmetfood.com\/wp-content\/uploads\/2017\/05\/20151217_1312461-768x432.jpg 768w, https:\/\/catering-gourmetfood.com\/wp-content\/uploads\/2017\/05\/20151217_1312461-1024x576.jpg 1024w\" sizes=\"auto, (max-width: 503px) 100vw, 503px\" \/><\/a><\/p>\n<p><a href=\"http:\/\/catering-gourmetfood.com\/divertido-curso-de-lavado-de-manos\/20151217_131841\/\" rel=\"attachment wp-att-6872\"><img loading=\"lazy\" decoding=\"async\" class=\"alignnone  wp-image-6872\" src=\"https:\/\/catering-gourmetfood.com\/wp-content\/uploads\/2017\/05\/20151217_1318411.jpg\" alt=\"20151217_131841\" width=\"500\" height=\"281\" srcset=\"https:\/\/catering-gourmetfood.com\/wp-content\/uploads\/2017\/05\/20151217_1318411.jpg 5312w, https:\/\/catering-gourmetfood.com\/wp-content\/uploads\/2017\/05\/20151217_1318411-300x169.jpg 300w, https:\/\/catering-gourmetfood.com\/wp-content\/uploads\/2017\/05\/20151217_1318411-768x432.jpg 768w, https:\/\/catering-gourmetfood.com\/wp-content\/uploads\/2017\/05\/20151217_1318411-1024x576.jpg 1024w\" sizes=\"auto, (max-width: 500px) 100vw, 500px\" \/><\/a><\/p>\n<p><a href=\"http:\/\/catering-gourmetfood.com\/divertido-curso-de-lavado-de-manos\/p1020832\/\" rel=\"attachment wp-att-6873\"><img loading=\"lazy\" decoding=\"async\" class=\"alignnone  wp-image-6873\" src=\"https:\/\/catering-gourmetfood.com\/wp-content\/uploads\/2017\/05\/P1020832.jpg\" alt=\"P1020832\" width=\"502\" height=\"376\" srcset=\"https:\/\/catering-gourmetfood.com\/wp-content\/uploads\/2017\/05\/P1020832.jpg 4000w, https:\/\/catering-gourmetfood.com\/wp-content\/uploads\/2017\/05\/P1020832-300x225.jpg 300w, https:\/\/catering-gourmetfood.com\/wp-content\/uploads\/2017\/05\/P1020832-768x576.jpg 768w, https:\/\/catering-gourmetfood.com\/wp-content\/uploads\/2017\/05\/P1020832-1024x768.jpg 1024w\" sizes=\"auto, (max-width: 502px) 100vw, 502px\" \/><\/a><\/p>\n<p>&nbsp;<\/p>\n<p>&nbsp;<\/p>\n<p>Estimadas familias:<\/p>\n<p>Os informamos, que para el pr\u00f3ximo viernes d\u00eda 29 de enero, tenemos previsto realizar un curso muy interesante y divertido relativo al lavado de manos.<\/p>\n<ul>\n<li>Aquellos que est\u00e9is interesados, pod\u00e9is dejar a vuestros hijos en el comedor y recogerlos a las <strong>16.15h.<\/strong><\/li>\n<li>Los ni\u00f1os usuarios de la extraescolar del comedor, estar\u00e1n hasta las <strong>16.30h.<\/strong><\/li>\n<li>Aquellos ni\u00f1os que no puedan quedarse al curso, podr\u00e9is recogerlos a la hora habitual. Os agradecer\u00edamos, para colaborar en el buen funcionamiento de la actividad, que comuniqu\u00e9is a la monitora los ni\u00f1os que tienen que salir.<\/li>\n<\/ul>\n<p>Esperamos que esta informaci\u00f3n sea de vuestro inter\u00e9s.<\/p>\n<p>Saludos cordiales.<\/p>\n<p>&nbsp;    \t<\/p>\n","protected":false},"excerpt":{"rendered":"<p>Estimadas familias: Os informamos, que para el pr\u00f3ximo viernes d\u00eda 29 de enero, tenemos previsto realizar un curso muy interesante y divertido relativo al lavado de manos. Aquellos que est\u00e9is interesados, pod\u00e9is dejar a vuestros hijos en el comedor y recogerlos a las 16.15h. Los ni\u00f1os usuarios de la extraescolar del comedor, estar\u00e1n hasta las&hellip;<\/p>\n","protected":false},"author":1,"featured_media":6869,"comment_status":"closed","ping_status":"closed","sticky":false,"template":"","format":"standard","meta":{"footnotes":""},"categories":[40,2],"tags":[],"class_list":["post-6868","post","type-post","status-publish","format-standard","has-post-thumbnail","hentry","category-blog-gourmetfood","category-noticias","category-40","category-2","description-off"],"_links":{"self":[{"href":"https:\/\/catering-gourmetfood.com\/eu\/wp-json\/wp\/v2\/posts\/6868","targetHints":{"allow":["GET"]}}],"collection":[{"href":"https:\/\/catering-gourmetfood.com\/eu\/wp-json\/wp\/v2\/posts"}],"about":[{"href":"https:\/\/catering-gourmetfood.com\/eu\/wp-json\/wp\/v2\/types\/post"}],"author":[{"embeddable":true,"href":"https:\/\/catering-gourmetfood.com\/eu\/wp-json\/wp\/v2\/users\/1"}],"replies":[{"embeddable":true,"href":"https:\/\/catering-gourmetfood.com\/eu\/wp-json\/wp\/v2\/comments?post=6868"}],"version-history":[{"count":0,"href":"https:\/\/catering-gourmetfood.com\/eu\/wp-json\/wp\/v2\/posts\/6868\/revisions"}],"wp:featuredmedia":[{"embeddable":true,"href":"https:\/\/catering-gourmetfood.com\/eu\/wp-json\/wp\/v2\/media\/6869"}],"wp:attachment":[{"href":"https:\/\/catering-gourmetfood.com\/eu\/wp-json\/wp\/v2\/media?parent=6868"}],"wp:term":[{"taxonomy":"category","embeddable":true,"href":"https:\/\/catering-gourmetfood.com\/eu\/wp-json\/wp\/v2\/categories?post=6868"},{"taxonomy":"post_tag","embeddable":true,"href":"https:\/\/catering-gourmetfood.com\/eu\/wp-json\/wp\/v2\/tags?post=6868"}],"curies":[{"name":"wp","href":"https:\/\/api.w.org\/{rel}","templated":true}]}}