{"id":6836,"date":"2017-05-04T15:31:43","date_gmt":"2017-05-04T13:31:43","guid":{"rendered":"http:\/\/catering-gourmetfood.com\/?p=6836"},"modified":"2017-05-04T15:31:43","modified_gmt":"2017-05-04T13:31:43","slug":"nuestros-proveedores-ecologico-y-economia-sostenible","status":"publish","type":"post","link":"https:\/\/catering-gourmetfood.com\/eu\/nuestros-proveedores-ecologico-y-economia-sostenible\/","title":{"rendered":"NUESTROS  PROVEEDORES, ECOLOGICO Y ECONOMIA SOSTENIBLE"},"content":{"rendered":"<h3>Objetivo: crear trabajo para personas en riesgo de exclusi\u00f3n del mercado laboral.<\/h3>\n<h5>Huertos\u00a0 naci\u00f3 en noviembre de 2012 como un proyecto de econom\u00eda social impulsado por la ONG Cives Mundi, con el objetivo de crear puestos de trabajo para personas en riesgo de exclusi\u00f3n del mercado laboral. En una primera fase, en colaboraci\u00f3n con FADES, se centr\u00f3 en el colectivo de enfermos mentales, y en la actualidad se abre a todos aquellos sectores sociales con m\u00e1s dificultades para encontrar trabajo: j\u00f3venes, desempleados de larga duraci\u00f3n, mujeres maltratadas\u2026<\/h5>\n","protected":false},"excerpt":{"rendered":"<p>Objetivo: crear trabajo para personas en riesgo de exclusi\u00f3n del mercado laboral. Huertos\u00a0 naci\u00f3 en noviembre de 2012 como un proyecto de econom\u00eda social impulsado por la ONG Cives Mundi, con el objetivo de crear puestos de trabajo para personas en riesgo de exclusi\u00f3n del mercado laboral. En una primera fase, en colaboraci\u00f3n con FADES,&hellip;<\/p>\n","protected":false},"author":1,"featured_media":6834,"comment_status":"closed","ping_status":"closed","sticky":false,"template":"","format":"standard","meta":{"footnotes":""},"categories":[40,29,67,23,41,33,30,31,37,2,63],"tags":[],"class_list":["post-6836","post","type-post","status-publish","format-standard","has-post-thumbnail","hentry","category-blog-gourmetfood","category-catering-colegios","category-centros-escolares","category-colegios","category-comedor-colegios","category-consejo-nutricional","category-ecologico","category-menu-domicilio","category-menus-sanos","category-noticias","category-productos-ecologicos","category-40","category-29","category-67","category-23","category-41","category-33","category-30","category-31","category-37","category-2","category-63","description-off"],"_links":{"self":[{"href":"https:\/\/catering-gourmetfood.com\/eu\/wp-json\/wp\/v2\/posts\/6836","targetHints":{"allow":["GET"]}}],"collection":[{"href":"https:\/\/catering-gourmetfood.com\/eu\/wp-json\/wp\/v2\/posts"}],"about":[{"href":"https:\/\/catering-gourmetfood.com\/eu\/wp-json\/wp\/v2\/types\/post"}],"author":[{"embeddable":true,"href":"https:\/\/catering-gourmetfood.com\/eu\/wp-json\/wp\/v2\/users\/1"}],"replies":[{"embeddable":true,"href":"https:\/\/catering-gourmetfood.com\/eu\/wp-json\/wp\/v2\/comments?post=6836"}],"version-history":[{"count":0,"href":"https:\/\/catering-gourmetfood.com\/eu\/wp-json\/wp\/v2\/posts\/6836\/revisions"}],"wp:featuredmedia":[{"embeddable":true,"href":"https:\/\/catering-gourmetfood.com\/eu\/wp-json\/wp\/v2\/media\/6834"}],"wp:attachment":[{"href":"https:\/\/catering-gourmetfood.com\/eu\/wp-json\/wp\/v2\/media?parent=6836"}],"wp:term":[{"taxonomy":"category","embeddable":true,"href":"https:\/\/catering-gourmetfood.com\/eu\/wp-json\/wp\/v2\/categories?post=6836"},{"taxonomy":"post_tag","embeddable":true,"href":"https:\/\/catering-gourmetfood.com\/eu\/wp-json\/wp\/v2\/tags?post=6836"}],"curies":[{"name":"wp","href":"https:\/\/api.w.org\/{rel}","templated":true}]}}