{"id":6694,"date":"2014-05-20T11:07:27","date_gmt":"2014-05-20T09:07:27","guid":{"rendered":"http:\/\/catering-gourmetfood.com\/?p=6694"},"modified":"2014-05-20T11:07:27","modified_gmt":"2014-05-20T09:07:27","slug":"visitas-del-centro-pedagogico-talentia-a-los-comedores-escolares-de-gourmet-food","status":"publish","type":"post","link":"https:\/\/catering-gourmetfood.com\/eu\/visitas-del-centro-pedagogico-talentia-a-los-comedores-escolares-de-gourmet-food\/","title":{"rendered":"VISITAS DEL CENTRO PEDAG\u00d3GICO TALENTIA A LOS COMEDORES ESCOLARES DE GOURMET FOOD"},"content":{"rendered":"<address style=\"text-align: justify;\">A lo largo de los dos trimestres (2\u00ba y 3\u00ba), se ha trabajado de manera transversal:<\/address>\n<address style=\"text-align: justify;\">\u00a0<\/address>\n<ul>\n<li style=\"text-align: justify;\">Adem\u00e1s, de manera concreta en el desarrollo de habilidades cognitivas, emocionales y sociales, se ha trabajado la planificaci\u00f3n y la toma de decisiones para resoluci\u00f3n de problemas individuales y de equipo. Igualmente se han trabajado los conceptos de colaboraci\u00f3n, consecuci\u00f3n de objetivos, realizaci\u00f3n de acciones y comunicaci\u00f3n verbal y no verbal.<\/li>\n<li style=\"text-align: justify;\">\n<address>Se aplican din\u00e1micas de ejercicios de kinesiolog\u00eda educativa para activar la colaboraci\u00f3n inter-hemisf\u00e9rica. La kinesiolog\u00eda educativa, se fija como meta, hacer funcionar nuestro cerebro de manera \u201cintegrada\u201d, es decir, tratar que todas las partes del cerebro y en especial los dos hemisferios, derecho e izquierdo, se activen al mismo tiempo. De este modo, se obtienen mejores interacciones cerebro-ojo, cerebro-o\u00eddo, cerebro-mano, etc.<\/address>\n<\/li>\n<li style=\"text-align: justify;\">\n<address>Los materiales utilizados han sido nuestras propias manos, cuentos de lanas y juegos de pensamiento y de razonamiento l\u00f3gico.<\/address>\n<\/li>\n<li style=\"text-align: justify;\">El desarrollo de los ritmos interiores haci\u00e9ndolos coincidir con la estaci\u00f3n del a\u00f1o<\/li>\n<li style=\"text-align: justify;\">Se cultiva la armonizaci\u00f3n de los acontecimientos exteriores con los que ocurren a nivel interno<\/li>\n<li style=\"text-align: justify;\">Se han utilizado las rimas y los juegos de dedos para el desarrollo de las habilidades ling\u00fc\u00edsticas y matem\u00e1ticas as\u00ed como el desarrollo psicomotriz y\u00a0de lateralizaci\u00f3n<\/li>\n<\/ul>\n<p style=\"text-align: justify;\">\n","protected":false},"excerpt":{"rendered":"<p>A lo largo de los dos trimestres (2\u00ba y 3\u00ba), se ha trabajado de manera transversal: \u00a0 Adem\u00e1s, de manera concreta en el desarrollo de habilidades cognitivas, emocionales y sociales, se ha trabajado la planificaci\u00f3n y la toma de decisiones para resoluci\u00f3n de problemas individuales y de equipo. Igualmente se han trabajado los conceptos de&hellip;<\/p>\n","protected":false},"author":1,"featured_media":6713,"comment_status":"closed","ping_status":"closed","sticky":false,"template":"","format":"standard","meta":{"footnotes":""},"categories":[68,29,41,42,60,26,44,55,61,45,69,66,52,53,50,2,51,28,56,58],"tags":[],"class_list":["post-6694","post","type-post","status-publish","format-standard","has-post-thumbnail","hentry","category-afecto","category-catering-colegios","category-comedor-colegios","category-comedor-escolar","category-compartir","category-comportamiento","category-conducta","category-creatividad","category-diversion","category-dptalentia","category-emocion","category-inteligencia","category-juegos","category-memoria","category-ninos","category-noticias","category-ocio-y-tiempo-libre","category-pedagogia","category-psicomotricidad-fina","category-trabajo-en-equipo","category-68","category-29","category-41","category-42","category-60","category-26","category-44","category-55","category-61","category-45","category-69","category-66","category-52","category-53","category-50","category-2","category-51","category-28","category-56","category-58","description-off"],"_links":{"self":[{"href":"https:\/\/catering-gourmetfood.com\/eu\/wp-json\/wp\/v2\/posts\/6694","targetHints":{"allow":["GET"]}}],"collection":[{"href":"https:\/\/catering-gourmetfood.com\/eu\/wp-json\/wp\/v2\/posts"}],"about":[{"href":"https:\/\/catering-gourmetfood.com\/eu\/wp-json\/wp\/v2\/types\/post"}],"author":[{"embeddable":true,"href":"https:\/\/catering-gourmetfood.com\/eu\/wp-json\/wp\/v2\/users\/1"}],"replies":[{"embeddable":true,"href":"https:\/\/catering-gourmetfood.com\/eu\/wp-json\/wp\/v2\/comments?post=6694"}],"version-history":[{"count":0,"href":"https:\/\/catering-gourmetfood.com\/eu\/wp-json\/wp\/v2\/posts\/6694\/revisions"}],"wp:featuredmedia":[{"embeddable":true,"href":"https:\/\/catering-gourmetfood.com\/eu\/wp-json\/wp\/v2\/media\/6713"}],"wp:attachment":[{"href":"https:\/\/catering-gourmetfood.com\/eu\/wp-json\/wp\/v2\/media?parent=6694"}],"wp:term":[{"taxonomy":"category","embeddable":true,"href":"https:\/\/catering-gourmetfood.com\/eu\/wp-json\/wp\/v2\/categories?post=6694"},{"taxonomy":"post_tag","embeddable":true,"href":"https:\/\/catering-gourmetfood.com\/eu\/wp-json\/wp\/v2\/tags?post=6694"}],"curies":[{"name":"wp","href":"https:\/\/api.w.org\/{rel}","templated":true}]}}