{"id":6531,"date":"2013-11-04T10:24:19","date_gmt":"2013-11-04T09:24:19","guid":{"rendered":"http:\/\/catering-gourmetfood.com\/?p=6531"},"modified":"2013-11-04T10:24:19","modified_gmt":"2013-11-04T09:24:19","slug":"sonando-con-hana","status":"publish","type":"post","link":"https:\/\/catering-gourmetfood.com\/eu\/sonando-con-hana\/","title":{"rendered":"SO\u00d1ANDO CON HANA"},"content":{"rendered":"<p>Gourmetfood colabora con Acci\u00f3n contra el Hambre con el patrocinio de El Sue\u00f1o de Hana. Este cuento ser\u00e1 una herramienta m\u00e1s\u00a0dentro del proyecto educativo.\u00a0Con \u00e9l\u00a0trabajaremos con nuestros peque\u00f1os en los centros escolares.<\/p>\n<p>&nbsp;<\/p>\n<p>http:\/\/elsuenodehana.org\/<\/p>\n<p>&nbsp;<\/p>\n<p>&nbsp;    \t<\/p>\n","protected":false},"excerpt":{"rendered":"<p>Gourmetfood colabora con Acci\u00f3n contra el Hambre con el patrocinio de El Sue\u00f1o de Hana. Este cuento ser\u00e1 una herramienta m\u00e1s\u00a0dentro del proyecto educativo.\u00a0Con \u00e9l\u00a0trabajaremos con nuestros peque\u00f1os en los centros escolares. &nbsp; http:\/\/elsuenodehana.org\/ &nbsp; &nbsp;<\/p>\n","protected":false},"author":1,"featured_media":6541,"comment_status":"closed","ping_status":"closed","sticky":false,"template":"","format":"standard","meta":{"footnotes":""},"categories":[22,29,23,41,42,26,2],"tags":[],"class_list":["post-6531","post","type-post","status-publish","format-standard","has-post-thumbnail","hentry","category-catering","category-catering-colegios","category-colegios","category-comedor-colegios","category-comedor-escolar","category-comportamiento","category-noticias","category-22","category-29","category-23","category-41","category-42","category-26","category-2","description-off"],"_links":{"self":[{"href":"https:\/\/catering-gourmetfood.com\/eu\/wp-json\/wp\/v2\/posts\/6531","targetHints":{"allow":["GET"]}}],"collection":[{"href":"https:\/\/catering-gourmetfood.com\/eu\/wp-json\/wp\/v2\/posts"}],"about":[{"href":"https:\/\/catering-gourmetfood.com\/eu\/wp-json\/wp\/v2\/types\/post"}],"author":[{"embeddable":true,"href":"https:\/\/catering-gourmetfood.com\/eu\/wp-json\/wp\/v2\/users\/1"}],"replies":[{"embeddable":true,"href":"https:\/\/catering-gourmetfood.com\/eu\/wp-json\/wp\/v2\/comments?post=6531"}],"version-history":[{"count":0,"href":"https:\/\/catering-gourmetfood.com\/eu\/wp-json\/wp\/v2\/posts\/6531\/revisions"}],"wp:featuredmedia":[{"embeddable":true,"href":"https:\/\/catering-gourmetfood.com\/eu\/wp-json\/wp\/v2\/media\/6541"}],"wp:attachment":[{"href":"https:\/\/catering-gourmetfood.com\/eu\/wp-json\/wp\/v2\/media?parent=6531"}],"wp:term":[{"taxonomy":"category","embeddable":true,"href":"https:\/\/catering-gourmetfood.com\/eu\/wp-json\/wp\/v2\/categories?post=6531"},{"taxonomy":"post_tag","embeddable":true,"href":"https:\/\/catering-gourmetfood.com\/eu\/wp-json\/wp\/v2\/tags?post=6531"}],"curies":[{"name":"wp","href":"https:\/\/api.w.org\/{rel}","templated":true}]}}