{"id":6391,"date":"2013-05-21T10:49:31","date_gmt":"2013-05-21T08:49:31","guid":{"rendered":"http:\/\/catering-gourmetfood.com\/?p=6391"},"modified":"2013-05-21T10:49:31","modified_gmt":"2013-05-21T08:49:31","slug":"gourmet-busca-la-verdura-mas-divertida","status":"publish","type":"post","link":"https:\/\/catering-gourmetfood.com\/eu\/gourmet-busca-la-verdura-mas-divertida\/","title":{"rendered":"\u00a1GOURMET BUSCA LA VERDURA M\u00c1S DIVERTIDA!"},"content":{"rendered":"<p><b>!BUSCAMOS LA VERDURA M\u00c1S ORIGINAL!<\/b><\/p>\n<p align=\"center\"><b><i>BASES DEL CONCURSO<\/i><\/b><\/p>\n<ul>\n<li><b>Tema: \u201cSEMANA DE LA VERDURA\u201d.<\/b><\/li>\n<li>Para participar en el concurso los ni\u00f1os\/as deber\u00e1n de realizar un dibujo (uno por ni\u00f1o\/a) \u00a0sobre la verdura. Podr\u00e1n incluir una poes\u00eda, frase o eslogan.<\/li>\n<li>El tama\u00f1o no superar\u00e1 din-4 (tama\u00f1o folio).<\/li>\n<li><span style=\"text-decoration: underline;\">Deber\u00e1 aparecer indicado claramente en cada trabajo: nombre del ni\u00f1o\/a, curso, colegio y localidad.<\/span><\/li>\n<li>Las t\u00e9cnicas pl\u00e1sticas pueden ser variadas: ceras, rotuladores, collage, etc.<\/li>\n<li><span style=\"text-decoration: underline;\">La participaci\u00f3n est\u00e1 abierta a todos ni\u00f1os\/as que asistan al COLEGIO.<\/span> <i>\u00a1AGRADECEMOS VUESTRA PARTICIPACI\u00d3N!<\/i><\/li>\n<li>Cada centro\u00a0 informar\u00e1 a los ni\u00f1os acerca de la recogida de los trabajos. PLAZO LIMITE DE ENTREGA: 20 MAYO.<\/li>\n<li>Habr\u00e1 dos categor\u00edas: <b>Infantil <\/b>(0 a 5 a\u00f1os) y <b>Primaria<\/b> (6 a 12 a\u00f1os).<\/li>\n<\/ul>\n<p align=\"center\"><b>PREMIO<\/b><\/p>\n<p align=\"center\"><b>Infantil: 3 entradas\/ni\u00f1o\/a \u00a0para el parque Senda Viva<\/b><\/p>\n<p align=\"center\"><b>\u00a0<\/b><\/p>\n<p align=\"center\"><b>Primaria: 3 entradas\/ni\u00f1o\/a para el parque Senda Viva<\/b><\/p>\n","protected":false},"excerpt":{"rendered":"<p>!BUSCAMOS LA VERDURA M\u00c1S ORIGINAL! BASES DEL CONCURSO Tema: \u201cSEMANA DE LA VERDURA\u201d. Para participar en el concurso los ni\u00f1os\/as deber\u00e1n de realizar un dibujo (uno por ni\u00f1o\/a) \u00a0sobre la verdura. Podr\u00e1n incluir una poes\u00eda, frase o eslogan. El tama\u00f1o no superar\u00e1 din-4 (tama\u00f1o folio). Deber\u00e1 aparecer indicado claramente en cada trabajo: nombre del ni\u00f1o\/a,&hellip;<\/p>\n","protected":false},"author":1,"featured_media":6404,"comment_status":"closed","ping_status":"closed","sticky":false,"template":"","format":"standard","meta":{"footnotes":""},"categories":[29,67,36,50,2,48],"tags":[],"class_list":["post-6391","post","type-post","status-publish","format-standard","has-post-thumbnail","hentry","category-catering-colegios","category-centros-escolares","category-menus-domicilo","category-ninos","category-noticias","category-salud","category-29","category-67","category-36","category-50","category-2","category-48","description-off"],"_links":{"self":[{"href":"https:\/\/catering-gourmetfood.com\/eu\/wp-json\/wp\/v2\/posts\/6391","targetHints":{"allow":["GET"]}}],"collection":[{"href":"https:\/\/catering-gourmetfood.com\/eu\/wp-json\/wp\/v2\/posts"}],"about":[{"href":"https:\/\/catering-gourmetfood.com\/eu\/wp-json\/wp\/v2\/types\/post"}],"author":[{"embeddable":true,"href":"https:\/\/catering-gourmetfood.com\/eu\/wp-json\/wp\/v2\/users\/1"}],"replies":[{"embeddable":true,"href":"https:\/\/catering-gourmetfood.com\/eu\/wp-json\/wp\/v2\/comments?post=6391"}],"version-history":[{"count":0,"href":"https:\/\/catering-gourmetfood.com\/eu\/wp-json\/wp\/v2\/posts\/6391\/revisions"}],"wp:featuredmedia":[{"embeddable":true,"href":"https:\/\/catering-gourmetfood.com\/eu\/wp-json\/wp\/v2\/media\/6404"}],"wp:attachment":[{"href":"https:\/\/catering-gourmetfood.com\/eu\/wp-json\/wp\/v2\/media?parent=6391"}],"wp:term":[{"taxonomy":"category","embeddable":true,"href":"https:\/\/catering-gourmetfood.com\/eu\/wp-json\/wp\/v2\/categories?post=6391"},{"taxonomy":"post_tag","embeddable":true,"href":"https:\/\/catering-gourmetfood.com\/eu\/wp-json\/wp\/v2\/tags?post=6391"}],"curies":[{"name":"wp","href":"https:\/\/api.w.org\/{rel}","templated":true}]}}