{"id":5779,"date":"2012-05-30T09:02:00","date_gmt":"2012-05-30T07:02:00","guid":{"rendered":"http:\/\/catering-gourmetfood.com\/como-puedo-modificar-la-conducta-de-mi-hij\/"},"modified":"2012-05-30T09:02:00","modified_gmt":"2012-05-30T07:02:00","slug":"como-puedo-modificar-la-conducta-de-mi-hij","status":"publish","type":"post","link":"https:\/\/catering-gourmetfood.com\/eu\/como-puedo-modificar-la-conducta-de-mi-hij\/","title":{"rendered":"COMO PUEDO MODIFICAR LA CONDUCTA DE MI HIJ@"},"content":{"rendered":"<div><a href=\"http:\/\/es.scribd.com\/doc\/95263911\/Cuadroconducta\"><img loading=\"lazy\" decoding=\"async\" border=\"0\" height=\"281\" src=\"http:\/\/3.bp.blogspot.com\/-J3knyTvN_b4\/T8XSPjw13mI\/AAAAAAAAAI4\/VRaoIv5ebp0\/s400\/Cuadroconducta.jpg\" width=\"400\"\/><\/a><\/div>\n<h4><span>Con este cuadro de registro pretendemos instaurar las conductas que consideramos adecuadas en el ni\u00f1@, para favorecer su desarrollo personal e integrar los valores sociales necesarios para convivir con otras personas. Esta cuadro supone una visualizaci\u00f3n r\u00e1pida de la evoluci\u00f3n de la conducta en el ni\u00f1@ teniendo en cuenta los avances y retrocesos, de los agentes protagonistas del cambio ni\u00f1@ y adulto.<\/span><\/h4>\n<div><\/div>\n<p><a name=\"more\"><\/a><\/p>\n<div>\u00a0<span>A continuaci\u00f3n indicamos una serie de tecnicas que requieren una cierta reflexi\u00f3n y conocimiento por parte de los padres. Tambi\u00e9n es conveniente tener presente otros factores que van a influir directamente en su puesta en pr\u00e1ctica como: la personalidad del ni\u00f1@, historia conductual, afectiva, experiencias personales, etc.<\/span>\n<\/div>\n<div>\n<span><\/span><\/p>\n<div><span>\u00a0\u00a0<\/span><\/div>\n<\/div>\n<div><span><b>T\u00c9CNICAS QUE PUEDO UTILIZAR EN SU APLICACION:<\/b><\/span><\/div>\n<p><span><b>REFUERZO POSITIVO<\/b><\/span><br \/><span>Consiste en destacar o reforzar conductas positivas. Es conveniente saber qu\u00e9 acciones, actividades, etc. motivan al ni\u00f1@ en el momento de la aparici\u00f3n de la conducta adecuada.<\/span><br \/><span><\/span><span><span><span>\u00a0<\/span><\/span><\/span><strong><span><\/span><\/strong><br \/><span><strong>AUTOCONFIANZA<\/strong><\/span><br \/><span><span><\/span><span>Proporcionar confianza y responsabilidad \u201ct\u00fa puedes hacerlo\u201d.<\/span><\/span><br \/><span><b>REFUERZO NEGATIVO<\/b><\/span><br \/><span><\/span><span>Se basa en quitar temporalmente el objeto que refuerza la conducta.<\/span><br \/><span><\/span><br \/><span><b>T\u00c9CNICA PREMACK<\/b><\/span><br \/><span><\/span><span>Con esta t\u00e9cnica relacionamos una actividad desagradable para \u00e9l con otra agradable. P ej.: \u201cCuando comas te lavar\u00e1s los dientes\u201d<\/span><br \/><span><\/span><\/p>\n<div><span><b>PRIVAR DE PRIVILEGIO<\/b><\/span><\/div>\n<p><span><\/span><span>No darle el objeto que quiere, previamente deber\u00e1 estar acordado. (Primero ser\u00e1n 3 d\u00edas, luego si reincide en la conducta ser\u00e1n 6, luego 9 y as\u00ed sucesivamente).<\/span><br \/><span><\/span><\/p>\n<div><span><b>REFUERZO DIFERENCIAL<\/b><\/span><\/div>\n<p><span><\/span><span>Reforzar conductas positivas de otro, evitando dirigirse y compararle directamente.<\/span><br \/><span><\/span><\/p>\n<div><span><b>EXTINCI\u00d3N DE LA CONDUCTA<\/b><\/span><\/div>\n<p><span><\/span><span>Ignorar conductas. Es muy eficaz con la rabietas.<\/span><br \/><span><\/span><\/p>\n<div><span><b>TERAPIA COGNITIVA<\/b><\/span><\/div>\n<p><span><\/span><span>Decir en voz alta\u00a0 la conducta adecuada y sus consecuencias \u201cUtilizo la servilleta para limpiarme. Estoy m\u00e1s guap@ y me siento mejor\u201d.<\/span><br \/><span><\/span><\/p>\n<div><span><b>TIEMPO FUERA<\/b><\/span><\/div>\n<p><span><\/span><span>Consiste en cambiar al ni\u00f1@ de contexto llev\u00e1ndolo a otro espacio. El tiempo de permanencia en ese espacio corresponde al n\u00famero de a\u00f1os del ni\u00f1@, aproximadamente. De todos modos este tiempo deber\u00e1 de estar controlado por el adulto.<\/span><\/p>\n<div><\/div>\n<div><\/div>\n<div>\n<\/p>\n<div><\/div>\n<\/div>\n<div>\n<\/p>\n<div><\/div>\n<\/div>\n<div>\n<\/p>\n<div><\/div>\n<\/div>\n<div>\n<\/p>\n<div><\/div>\n<\/div>\n","protected":false},"excerpt":{"rendered":"<p>Con este cuadro de registro pretendemos instaurar las conductas que consideramos adecuadas en el ni\u00f1@, para favorecer su desarrollo personal e integrar los valores sociales necesarios para convivir con otras personas. Esta cuadro supone una visualizaci\u00f3n r\u00e1pida de la evoluci\u00f3n de la conducta en el ni\u00f1@ teniendo en cuenta los avances y retrocesos, de los&hellip;<\/p>\n","protected":false},"author":1,"featured_media":0,"comment_status":"closed","ping_status":"closed","sticky":false,"template":"","format":"standard","meta":{"footnotes":""},"categories":[40],"tags":[],"class_list":["post-5779","post","type-post","status-publish","format-standard","hentry","category-blog-gourmetfood","category-40","description-off"],"_links":{"self":[{"href":"https:\/\/catering-gourmetfood.com\/eu\/wp-json\/wp\/v2\/posts\/5779","targetHints":{"allow":["GET"]}}],"collection":[{"href":"https:\/\/catering-gourmetfood.com\/eu\/wp-json\/wp\/v2\/posts"}],"about":[{"href":"https:\/\/catering-gourmetfood.com\/eu\/wp-json\/wp\/v2\/types\/post"}],"author":[{"embeddable":true,"href":"https:\/\/catering-gourmetfood.com\/eu\/wp-json\/wp\/v2\/users\/1"}],"replies":[{"embeddable":true,"href":"https:\/\/catering-gourmetfood.com\/eu\/wp-json\/wp\/v2\/comments?post=5779"}],"version-history":[{"count":0,"href":"https:\/\/catering-gourmetfood.com\/eu\/wp-json\/wp\/v2\/posts\/5779\/revisions"}],"wp:attachment":[{"href":"https:\/\/catering-gourmetfood.com\/eu\/wp-json\/wp\/v2\/media?parent=5779"}],"wp:term":[{"taxonomy":"category","embeddable":true,"href":"https:\/\/catering-gourmetfood.com\/eu\/wp-json\/wp\/v2\/categories?post=5779"},{"taxonomy":"post_tag","embeddable":true,"href":"https:\/\/catering-gourmetfood.com\/eu\/wp-json\/wp\/v2\/tags?post=5779"}],"curies":[{"name":"wp","href":"https:\/\/api.w.org\/{rel}","templated":true}]}}