{"id":38036,"date":"2021-06-21T06:24:29","date_gmt":"2021-06-21T06:24:29","guid":{"rendered":"https:\/\/catering-gourmetfood.com\/?p=38036"},"modified":"2021-06-21T06:24:45","modified_gmt":"2021-06-21T06:24:45","slug":"dia-mundial-del-medio-ambiente","status":"publish","type":"post","link":"https:\/\/catering-gourmetfood.com\/eu\/dia-mundial-del-medio-ambiente\/","title":{"rendered":"D\u00cdA MUNDIAL DEL MEDIO AMBIENTE"},"content":{"rendered":"\n<p>Este mes hemos celebrado el d\u00eda Mundial del Medio Ambiente establecido por la Organizaci\u00f3n de Naciones Unidas en 1972. Este a\u00f1o, el slogan de la campa\u00f1a es \u201csiete mil millones de sue\u00f1os. Un solo planeta. Consume con moderaci\u00f3n&#8221;. El objetivo de esta conmemoraci\u00f3n es concienciarnos sobre el enorme valor de la naturaleza y la importancia de protegerla para lograr un futuro m\u00e1s sostenible. Desde Gourmetfood queremos aportar nuestro granito de arena: vamos a trabajar en el comedor escolar en una de las \u201c4 r del reciclaje\u201d: la reutilizaci\u00f3n. Hemos utilizado palitos de los helados que nos comemos en verano para crear nuestro abanico personalizado. Con esta divertida actividad adem\u00e1s de hablar a los ni\u00f1@s de la importancia de dar un segundo uso a algunas de las cosas que utilizamos cada d\u00eda, hemos trabajado la creatividad, la imaginaci\u00f3n y la psicomotricidad fina. Nos han quedado unos abanicos muy veraniegos! <\/p>\n","protected":false},"excerpt":{"rendered":"<p>Este mes hemos celebrado el d\u00eda Mundial del Medio Ambiente establecido por la Organizaci\u00f3n de Naciones Unidas en 1972. Este a\u00f1o, el slogan de la campa\u00f1a es \u201csiete mil millones de sue\u00f1os. Un solo planeta. Consume con moderaci\u00f3n&#8221;. El objetivo de esta conmemoraci\u00f3n es concienciarnos sobre el enorme valor de la naturaleza y la importancia&hellip;<\/p>\n","protected":false},"author":1,"featured_media":38037,"comment_status":"open","ping_status":"open","sticky":false,"template":"","format":"standard","meta":{"footnotes":""},"categories":[22,29,67,41,43,31,77,2],"tags":[],"class_list":["post-38036","post","type-post","status-publish","format-standard","has-post-thumbnail","hentry","category-catering","category-catering-colegios","category-centros-escolares","category-comedor-colegios","category-comedores-empresa","category-menu-domicilio","category-menus-de-empresa","category-noticias","category-22","category-29","category-67","category-41","category-43","category-31","category-77","category-2","description-off"],"_links":{"self":[{"href":"https:\/\/catering-gourmetfood.com\/eu\/wp-json\/wp\/v2\/posts\/38036","targetHints":{"allow":["GET"]}}],"collection":[{"href":"https:\/\/catering-gourmetfood.com\/eu\/wp-json\/wp\/v2\/posts"}],"about":[{"href":"https:\/\/catering-gourmetfood.com\/eu\/wp-json\/wp\/v2\/types\/post"}],"author":[{"embeddable":true,"href":"https:\/\/catering-gourmetfood.com\/eu\/wp-json\/wp\/v2\/users\/1"}],"replies":[{"embeddable":true,"href":"https:\/\/catering-gourmetfood.com\/eu\/wp-json\/wp\/v2\/comments?post=38036"}],"version-history":[{"count":2,"href":"https:\/\/catering-gourmetfood.com\/eu\/wp-json\/wp\/v2\/posts\/38036\/revisions"}],"predecessor-version":[{"id":38040,"href":"https:\/\/catering-gourmetfood.com\/eu\/wp-json\/wp\/v2\/posts\/38036\/revisions\/38040"}],"wp:featuredmedia":[{"embeddable":true,"href":"https:\/\/catering-gourmetfood.com\/eu\/wp-json\/wp\/v2\/media\/38037"}],"wp:attachment":[{"href":"https:\/\/catering-gourmetfood.com\/eu\/wp-json\/wp\/v2\/media?parent=38036"}],"wp:term":[{"taxonomy":"category","embeddable":true,"href":"https:\/\/catering-gourmetfood.com\/eu\/wp-json\/wp\/v2\/categories?post=38036"},{"taxonomy":"post_tag","embeddable":true,"href":"https:\/\/catering-gourmetfood.com\/eu\/wp-json\/wp\/v2\/tags?post=38036"}],"curies":[{"name":"wp","href":"https:\/\/api.w.org\/{rel}","templated":true}]}}