{"id":38015,"date":"2021-05-02T16:15:05","date_gmt":"2021-05-02T16:15:05","guid":{"rendered":"https:\/\/catering-gourmetfood.com\/?p=38015"},"modified":"2021-05-02T16:15:08","modified_gmt":"2021-05-02T16:15:08","slug":"colaboracion-con-accion-contra-el-hambre-2","status":"publish","type":"post","link":"https:\/\/catering-gourmetfood.com\/eu\/colaboracion-con-accion-contra-el-hambre-2\/","title":{"rendered":"COLABORACI\u00d3N CON ACCI\u00d3N CONTRA EL HAMBRE"},"content":{"rendered":"\n<p>\n\nEn Gourmetfood estamos encantados de colaborar con Acci\u00f3n contra el Hambre en las Escuelas de Empleo contribuyendo activamente en la formaci\u00f3n de personas en riesgo de exclusi\u00f3n social. Favorecer el acceso al mercado laboral es la f\u00f3rmula para minimizar la vulnerabilidad. Encuentro Alianzas para el desarrollo comarcal y la igualdad de oportunidades.<a href=\"https:\/\/www.facebook.com\/hashtag\/catering_gourmetfood?__eep__=6&amp;__cft__[0]=AZXBe54O4a0lZ0AyyusBgAhGk3SblKzs7QjSAECOv8KksC8dlhMpUV6bmoTeply6qDp7Gwgvnly2pcafe01nFww45vTWPZnY85nvigSOpMMYn6CemFELFkyPvvrKNh4PfJKKhQuVSDd5QM1rrscY2xGd&amp;__tn__=*NK-R\">#catering_gourmetfood<\/a> @accioncontraelhambre.espana @fundacioncajanavarra <a href=\"https:\/\/www.facebook.com\/hashtag\/ayuntamientocastejon?__eep__=6&amp;__cft__[0]=AZXBe54O4a0lZ0AyyusBgAhGk3SblKzs7QjSAECOv8KksC8dlhMpUV6bmoTeply6qDp7Gwgvnly2pcafe01nFww45vTWPZnY85nvigSOpMMYn6CemFELFkyPvvrKNh4PfJKKhQuVSDd5QM1rrscY2xGd&amp;__tn__=*NK-R\">#ayuntamientocastejon<\/a><a href=\"https:\/\/www.facebook.com\/hashtag\/navarra?__eep__=6&amp;__cft__[0]=AZXBe54O4a0lZ0AyyusBgAhGk3SblKzs7QjSAECOv8KksC8dlhMpUV6bmoTeply6qDp7Gwgvnly2pcafe01nFww45vTWPZnY85nvigSOpMMYn6CemFELFkyPvvrKNh4PfJKKhQuVSDd5QM1rrscY2xGd&amp;__tn__=*NK-R\">#navarra<\/a><a href=\"https:\/\/www.facebook.com\/hashtag\/exclusi%C3%B3n?__eep__=6&amp;__cft__[0]=AZXBe54O4a0lZ0AyyusBgAhGk3SblKzs7QjSAECOv8KksC8dlhMpUV6bmoTeply6qDp7Gwgvnly2pcafe01nFww45vTWPZnY85nvigSOpMMYn6CemFELFkyPvvrKNh4PfJKKhQuVSDd5QM1rrscY2xGd&amp;__tn__=*NK-R\">#exclusi\u00f3n<\/a> social @fundacionlacaixa <a href=\"https:\/\/www.facebook.com\/hashtag\/innovasocial?__eep__=6&amp;__cft__[0]=AZXBe54O4a0lZ0AyyusBgAhGk3SblKzs7QjSAECOv8KksC8dlhMpUV6bmoTeply6qDp7Gwgvnly2pcafe01nFww45vTWPZnY85nvigSOpMMYn6CemFELFkyPvvrKNh4PfJKKhQuVSDd5QM1rrscY2xGd&amp;__tn__=*NK-R\">#innovasocial<\/a><\/p>\n","protected":false},"excerpt":{"rendered":"<p>En Gourmetfood estamos encantados de colaborar con Acci\u00f3n contra el Hambre en las Escuelas de Empleo contribuyendo activamente en la formaci\u00f3n de personas en riesgo de exclusi\u00f3n social. Favorecer el acceso al mercado laboral es la f\u00f3rmula para minimizar la vulnerabilidad. Encuentro Alianzas para el desarrollo comarcal y la igualdad de oportunidades.#catering_gourmetfood @accioncontraelhambre.espana @fundacioncajanavarra #ayuntamientocastejon#navarra#exclusi\u00f3n&hellip;<\/p>\n","protected":false},"author":1,"featured_media":38021,"comment_status":"open","ping_status":"open","sticky":false,"template":"","format":"standard","meta":{"footnotes":""},"categories":[40,22,29,67,41,43,38,26,44,46,1],"tags":[],"class_list":["post-38015","post","type-post","status-publish","format-standard","has-post-thumbnail","hentry","category-blog-gourmetfood","category-catering","category-catering-colegios","category-centros-escolares","category-comedor-colegios","category-comedores-empresa","category-comida-domicilio","category-comportamiento","category-conducta","category-formacion","category-sin-categorizar","category-40","category-22","category-29","category-67","category-41","category-43","category-38","category-26","category-44","category-46","category-1","description-off"],"_links":{"self":[{"href":"https:\/\/catering-gourmetfood.com\/eu\/wp-json\/wp\/v2\/posts\/38015","targetHints":{"allow":["GET"]}}],"collection":[{"href":"https:\/\/catering-gourmetfood.com\/eu\/wp-json\/wp\/v2\/posts"}],"about":[{"href":"https:\/\/catering-gourmetfood.com\/eu\/wp-json\/wp\/v2\/types\/post"}],"author":[{"embeddable":true,"href":"https:\/\/catering-gourmetfood.com\/eu\/wp-json\/wp\/v2\/users\/1"}],"replies":[{"embeddable":true,"href":"https:\/\/catering-gourmetfood.com\/eu\/wp-json\/wp\/v2\/comments?post=38015"}],"version-history":[{"count":1,"href":"https:\/\/catering-gourmetfood.com\/eu\/wp-json\/wp\/v2\/posts\/38015\/revisions"}],"predecessor-version":[{"id":38018,"href":"https:\/\/catering-gourmetfood.com\/eu\/wp-json\/wp\/v2\/posts\/38015\/revisions\/38018"}],"wp:featuredmedia":[{"embeddable":true,"href":"https:\/\/catering-gourmetfood.com\/eu\/wp-json\/wp\/v2\/media\/38021"}],"wp:attachment":[{"href":"https:\/\/catering-gourmetfood.com\/eu\/wp-json\/wp\/v2\/media?parent=38015"}],"wp:term":[{"taxonomy":"category","embeddable":true,"href":"https:\/\/catering-gourmetfood.com\/eu\/wp-json\/wp\/v2\/categories?post=38015"},{"taxonomy":"post_tag","embeddable":true,"href":"https:\/\/catering-gourmetfood.com\/eu\/wp-json\/wp\/v2\/tags?post=38015"}],"curies":[{"name":"wp","href":"https:\/\/api.w.org\/{rel}","templated":true}]}}