{"id":38000,"date":"2021-03-15T09:50:02","date_gmt":"2021-03-15T09:50:02","guid":{"rendered":"https:\/\/catering-gourmetfood.com\/?p=38000"},"modified":"2021-03-15T09:50:05","modified_gmt":"2021-03-15T09:50:05","slug":"nomorematildas","status":"publish","type":"post","link":"https:\/\/catering-gourmetfood.com\/eu\/nomorematildas\/","title":{"rendered":"NOMOREMATILDAS"},"content":{"rendered":"\n<p>Desde Gourmetfood nos sumamos a la celebraci\u00f3n del \u201cD\u00eda de la Mujer\u201d. Apoyamos la genial iniciativa #nomorematildas, adem\u00e1s hemos preparado una actividad para realizar a lo largo de la semana en nuestros comedores escolares. A trav\u00e9s de un cuento basado en la historia de la primera mujer astronauta trataremos de visibilizar el papel de las mujeres en la historia fomentando la educaci\u00f3n emocional de ni\u00f1as y ni\u00f1os. Trabajaremos las relaciones de buen trato entre iguales basadas en el respeto, la escucha y la empat\u00eda. Presentaremos modelos de masculinidad y feminidad que rompan con los estereotipos tradicionales de g\u00e9nero.<\/p>\n\n\n\n<p># diadelamujer <a href=\"https:\/\/www.facebook.com\/hashtag\/igualdaddegenero?__eep__=6&amp;__cft__[0]=AZXNuvbR4AFdSWWUBwEGsUHQEC7GggoAN8tHMJgDPgPo193HvizXiRLZAh75gns7Kxf_gMtYE9RPu7XwJ4uvloCITZExMPvgmbhZhdSFqvDygJHFGbunZRXkARAlX9T1M4PJ_2QleRwKVjMGQT_RY34HMIxPbVi5vShlx2WrZIkU67aJWqTKzlkmGaHE-9QFYvw&amp;__tn__=*NK-R\">#igualdaddegenero<\/a> <a href=\"https:\/\/www.facebook.com\/hashtag\/mujerteniaqueser?__eep__=6&amp;__cft__[0]=AZXNuvbR4AFdSWWUBwEGsUHQEC7GggoAN8tHMJgDPgPo193HvizXiRLZAh75gns7Kxf_gMtYE9RPu7XwJ4uvloCITZExMPvgmbhZhdSFqvDygJHFGbunZRXkARAlX9T1M4PJ_2QleRwKVjMGQT_RY34HMIxPbVi5vShlx2WrZIkU67aJWqTKzlkmGaHE-9QFYvw&amp;__tn__=*NK-R\"> #mujerteniaqueser <\/a><a href=\"https:\/\/www.facebook.com\/hashtag\/nomorematildas?__eep__=6&amp;__cft__[0]=AZXNuvbR4AFdSWWUBwEGsUHQEC7GggoAN8tHMJgDPgPo193HvizXiRLZAh75gns7Kxf_gMtYE9RPu7XwJ4uvloCITZExMPvgmbhZhdSFqvDygJHFGbunZRXkARAlX9T1M4PJ_2QleRwKVjMGQT_RY34HMIxPbVi5vShlx2WrZIkU67aJWqTKzlkmGaHE-9QFYvw&amp;__tn__=*NK-R\"> #nomorematildas<\/a><\/p>\n\n\n\n<p><a rel=\"noreferrer noopener\" href=\"https:\/\/www.mncn.csic.es\/es\/visita-el-mncn\/audiocuento\/valentina-tereshkova?fbclid=IwAR06T04ZxzVPnGgBlmsPpXM-9112gLl7QeeSDafxHacJtEVYjpio7ZqHoZQ\" target=\"_blank\">https:\/\/www.mncn.csic.es\/&#8230;\/audiocu&#8230;\/valentina-tereshkova<\/a><\/p>\n","protected":false},"excerpt":{"rendered":"<p>Desde Gourmetfood nos sumamos a la celebraci\u00f3n del \u201cD\u00eda de la Mujer\u201d. Apoyamos la genial iniciativa #nomorematildas, adem\u00e1s hemos preparado una actividad para realizar a lo largo de la semana en nuestros comedores escolares. A trav\u00e9s de un cuento basado en la historia de la primera mujer astronauta trataremos de visibilizar el papel de las&hellip;<\/p>\n","protected":false},"author":1,"featured_media":38003,"comment_status":"open","ping_status":"open","sticky":false,"template":"","format":"standard","meta":{"footnotes":""},"categories":[40,22,29,67,23,41,42,43,38,26,44,2],"tags":[],"class_list":["post-38000","post","type-post","status-publish","format-standard","has-post-thumbnail","hentry","category-blog-gourmetfood","category-catering","category-catering-colegios","category-centros-escolares","category-colegios","category-comedor-colegios","category-comedor-escolar","category-comedores-empresa","category-comida-domicilio","category-comportamiento","category-conducta","category-noticias","category-40","category-22","category-29","category-67","category-23","category-41","category-42","category-43","category-38","category-26","category-44","category-2","description-off"],"_links":{"self":[{"href":"https:\/\/catering-gourmetfood.com\/eu\/wp-json\/wp\/v2\/posts\/38000","targetHints":{"allow":["GET"]}}],"collection":[{"href":"https:\/\/catering-gourmetfood.com\/eu\/wp-json\/wp\/v2\/posts"}],"about":[{"href":"https:\/\/catering-gourmetfood.com\/eu\/wp-json\/wp\/v2\/types\/post"}],"author":[{"embeddable":true,"href":"https:\/\/catering-gourmetfood.com\/eu\/wp-json\/wp\/v2\/users\/1"}],"replies":[{"embeddable":true,"href":"https:\/\/catering-gourmetfood.com\/eu\/wp-json\/wp\/v2\/comments?post=38000"}],"version-history":[{"count":1,"href":"https:\/\/catering-gourmetfood.com\/eu\/wp-json\/wp\/v2\/posts\/38000\/revisions"}],"predecessor-version":[{"id":38005,"href":"https:\/\/catering-gourmetfood.com\/eu\/wp-json\/wp\/v2\/posts\/38000\/revisions\/38005"}],"wp:featuredmedia":[{"embeddable":true,"href":"https:\/\/catering-gourmetfood.com\/eu\/wp-json\/wp\/v2\/media\/38003"}],"wp:attachment":[{"href":"https:\/\/catering-gourmetfood.com\/eu\/wp-json\/wp\/v2\/media?parent=38000"}],"wp:term":[{"taxonomy":"category","embeddable":true,"href":"https:\/\/catering-gourmetfood.com\/eu\/wp-json\/wp\/v2\/categories?post=38000"},{"taxonomy":"post_tag","embeddable":true,"href":"https:\/\/catering-gourmetfood.com\/eu\/wp-json\/wp\/v2\/tags?post=38000"}],"curies":[{"name":"wp","href":"https:\/\/api.w.org\/{rel}","templated":true}]}}