{"id":37451,"date":"2018-12-12T17:05:23","date_gmt":"2018-12-12T17:05:23","guid":{"rendered":"https:\/\/catering-gourmetfood.com\/?p=37451"},"modified":"2019-05-16T14:58:20","modified_gmt":"2019-05-16T14:58:20","slug":"formacion-y-desarrollo-de-nuestro-plan-de-igualdad","status":"publish","type":"post","link":"https:\/\/catering-gourmetfood.com\/eu\/formacion-y-desarrollo-de-nuestro-plan-de-igualdad\/","title":{"rendered":"DESARROLLO DE NUESTRO PLAN DE IGUALDAD"},"content":{"rendered":"\n<p>Gourmetfood desarrolla el protocolo del &nbsp;Plan de Igualdad que forma parte de un <em>proyecto&nbsp;<\/em>en el que se han realizado las siguientes actuaciones: <\/p>\n\n\n\n<ul class=\"wp-block-list\"><li>Acciones formativas dirigidas al monitorado de comedor en materia de convivencia con enfoque de g\u00e9nero.<\/li><\/ul>\n\n\n\n<ul class=\"wp-block-list\"><li>Acciones formativas para el alumnado en materia de convivencia con enfoque de g\u00e9nero.<\/li><\/ul>\n\n\n\n<ul class=\"wp-block-list\"><li>Sesiones participativas con una representaci\u00f3n del monitorado de los &nbsp;centros escolares que est\u00e9 interviniendo directamente con el alumnado para crear las bases del protocolo que fomentar\u00e1 los buenos tratos e incidir\u00e1 en conflictos de g\u00e9nero.<\/li><\/ul>\n\n\n\n<p>El <em>\u00e1mbito de aplicaci\u00f3n<\/em> del presente protocolo es el espacio no lectivo de la educaci\u00f3n formal, en concreto, el espacio de comedor y patio.<\/p>\n\n\n\n<p>El protocolo contiene <em>medidas de prevenci\u00f3n y medidas de actuaci\u00f3n<\/em>: por un lado, la intervenci\u00f3n en conflictos entre alumnado que lleven impl\u00edcita la discriminaci\u00f3n sexista o conflicto de g\u00e9nero y, por otro lado, la actuaci\u00f3n frente a la discriminaci\u00f3n hacia el personal no docente o monitorado.<\/p>\n\n\n\n<figure class=\"wp-block-image\"><img loading=\"lazy\" decoding=\"async\" width=\"1024\" height=\"581\" src=\"https:\/\/catering-gourmetfood.com\/wp-content\/uploads\/2018\/12\/20181029_174101-1024x581.jpg\" alt=\"\" class=\"wp-image-37459\" srcset=\"https:\/\/catering-gourmetfood.com\/wp-content\/uploads\/2018\/12\/20181029_174101-1024x581.jpg 1024w, https:\/\/catering-gourmetfood.com\/wp-content\/uploads\/2018\/12\/20181029_174101-300x170.jpg 300w, https:\/\/catering-gourmetfood.com\/wp-content\/uploads\/2018\/12\/20181029_174101-768x435.jpg 768w\" sizes=\"auto, (max-width: 1024px) 100vw, 1024px\" \/><\/figure>\n\n\n\n<figure class=\"wp-block-image\"><img loading=\"lazy\" decoding=\"async\" width=\"1024\" height=\"576\" src=\"https:\/\/catering-gourmetfood.com\/wp-content\/uploads\/2018\/12\/ig_monitoras-2-1024x576.jpg\" alt=\"\" class=\"wp-image-37460\" srcset=\"https:\/\/catering-gourmetfood.com\/wp-content\/uploads\/2018\/12\/ig_monitoras-2-1024x576.jpg 1024w, https:\/\/catering-gourmetfood.com\/wp-content\/uploads\/2018\/12\/ig_monitoras-2-300x169.jpg 300w, https:\/\/catering-gourmetfood.com\/wp-content\/uploads\/2018\/12\/ig_monitoras-2-768x432.jpg 768w\" sizes=\"auto, (max-width: 1024px) 100vw, 1024px\" \/><\/figure>\n\n\n\n<figure class=\"wp-block-image\"><img loading=\"lazy\" decoding=\"async\" width=\"1024\" height=\"581\" src=\"https:\/\/catering-gourmetfood.com\/wp-content\/uploads\/2018\/12\/20181029_174101-1-1024x581.jpg\" alt=\"\" class=\"wp-image-37461\" srcset=\"https:\/\/catering-gourmetfood.com\/wp-content\/uploads\/2018\/12\/20181029_174101-1-1024x581.jpg 1024w, https:\/\/catering-gourmetfood.com\/wp-content\/uploads\/2018\/12\/20181029_174101-1-300x170.jpg 300w, https:\/\/catering-gourmetfood.com\/wp-content\/uploads\/2018\/12\/20181029_174101-1-768x435.jpg 768w\" sizes=\"auto, (max-width: 1024px) 100vw, 1024px\" \/><\/figure>\n\n\n\n<figure class=\"wp-block-image\"><img loading=\"lazy\" decoding=\"async\" width=\"1024\" height=\"576\" src=\"https:\/\/catering-gourmetfood.com\/wp-content\/uploads\/2018\/12\/IMG-20181023-WA0015-1024x576.jpg\" alt=\"\" class=\"wp-image-37462\" srcset=\"https:\/\/catering-gourmetfood.com\/wp-content\/uploads\/2018\/12\/IMG-20181023-WA0015-1024x576.jpg 1024w, https:\/\/catering-gourmetfood.com\/wp-content\/uploads\/2018\/12\/IMG-20181023-WA0015-300x169.jpg 300w, https:\/\/catering-gourmetfood.com\/wp-content\/uploads\/2018\/12\/IMG-20181023-WA0015-768x432.jpg 768w, https:\/\/catering-gourmetfood.com\/wp-content\/uploads\/2018\/12\/IMG-20181023-WA0015.jpg 1328w\" sizes=\"auto, (max-width: 1024px) 100vw, 1024px\" \/><\/figure>\n","protected":false},"excerpt":{"rendered":"<p>Gourmetfood desarrolla el protocolo del &nbsp;Plan de Igualdad que forma parte de un proyecto&nbsp;en el que se han realizado las siguientes actuaciones: Acciones formativas dirigidas al monitorado de comedor en materia de convivencia con enfoque de g\u00e9nero. Acciones formativas para el alumnado en materia de convivencia con enfoque de g\u00e9nero. Sesiones participativas con una representaci\u00f3n&hellip;<\/p>\n","protected":false},"author":1,"featured_media":37453,"comment_status":"closed","ping_status":"open","sticky":false,"template":"","format":"standard","meta":{"footnotes":""},"categories":[40,22,26,44,2],"tags":[],"class_list":["post-37451","post","type-post","status-publish","format-standard","has-post-thumbnail","hentry","category-blog-gourmetfood","category-catering","category-comportamiento","category-conducta","category-noticias","category-40","category-22","category-26","category-44","category-2","description-off"],"_links":{"self":[{"href":"https:\/\/catering-gourmetfood.com\/eu\/wp-json\/wp\/v2\/posts\/37451","targetHints":{"allow":["GET"]}}],"collection":[{"href":"https:\/\/catering-gourmetfood.com\/eu\/wp-json\/wp\/v2\/posts"}],"about":[{"href":"https:\/\/catering-gourmetfood.com\/eu\/wp-json\/wp\/v2\/types\/post"}],"author":[{"embeddable":true,"href":"https:\/\/catering-gourmetfood.com\/eu\/wp-json\/wp\/v2\/users\/1"}],"replies":[{"embeddable":true,"href":"https:\/\/catering-gourmetfood.com\/eu\/wp-json\/wp\/v2\/comments?post=37451"}],"version-history":[{"count":4,"href":"https:\/\/catering-gourmetfood.com\/eu\/wp-json\/wp\/v2\/posts\/37451\/revisions"}],"predecessor-version":[{"id":37465,"href":"https:\/\/catering-gourmetfood.com\/eu\/wp-json\/wp\/v2\/posts\/37451\/revisions\/37465"}],"wp:featuredmedia":[{"embeddable":true,"href":"https:\/\/catering-gourmetfood.com\/eu\/wp-json\/wp\/v2\/media\/37453"}],"wp:attachment":[{"href":"https:\/\/catering-gourmetfood.com\/eu\/wp-json\/wp\/v2\/media?parent=37451"}],"wp:term":[{"taxonomy":"category","embeddable":true,"href":"https:\/\/catering-gourmetfood.com\/eu\/wp-json\/wp\/v2\/categories?post=37451"},{"taxonomy":"post_tag","embeddable":true,"href":"https:\/\/catering-gourmetfood.com\/eu\/wp-json\/wp\/v2\/tags?post=37451"}],"curies":[{"name":"wp","href":"https:\/\/api.w.org\/{rel}","templated":true}]}}